{"id":5347,"date":"2025-09-16T13:10:28","date_gmt":"2025-09-16T11:10:28","guid":{"rendered":"https:\/\/pmcg.co.me\/?p=5347"},"modified":"2025-09-16T13:10:28","modified_gmt":"2025-09-16T11:10:28","slug":"ucesce-naseg-strucnog-kadra-na-medjunarodnim-skupovima-u-septembru","status":"publish","type":"post","link":"https:\/\/pmcg.co.me\/en\/ucesce-naseg-strucnog-kadra-na-medjunarodnim-skupovima-u-septembru\/","title":{"rendered":"U\u010de\u0161\u0107e na\u0161eg stru\u010dnog kadra na me\u0111unarodnim skupovima u septembru"},"content":{"rendered":"<p>Dok pripremamo Galeriju za Dane Evropske kulturne ba\u0161tine i Evropsku no\u0107 istra\u017eiva\u010da, kada \u0107emo na\u0161e posjetioce obradovati lijepim i edukativnim izlo\u017ebama, dio stru\u010dnog kadra je prezentovao rezultate rada na me\u0111unarodnim skupovima.<\/p>\n<p>Kustoskinje u Zbirci cvjetnica Prirodnja\u010dkog muzeja Dr Nada Bubanja i Dr Sne\u017eana Vuksanovi\u0107, u\u010destvovale su na 8. Hrvatskom botani\u010dkom simpozijumu, koji je odr\u017ean u Osijeku. Dr Natalija \u010ca\u0111enovi\u0107, direktorica Prirodnja\u010dkog muzeja i dr Lidija Lekovi\u0107, kustos u Zbirci gmizavaca, u\u010destvovale su na 23. Evropskom Kongresu herpetologa, koji je odr\u017ean u Bonu.<\/p>\n<p>Dok su na\u0161e botani\u010darke predstavile svoja istra\u017eivanja iz taksonomije i fitogeografije roda <em>Galanthus<\/em>, poznatog pod narodnim imenom visibabe, faunu su koleginice predstavile rezultatima istra\u017eivanja diverziteta vodozemaca i gmizavaca podru\u010dja Katunske kra\u0161ke zaravni pod nazivom: Batrachofauna and Herpetofauna of Central Montenegro \u2013 A Contribution to Knowledge.<\/p>\n<p>Ovi susreti su iskori\u0161\u0107eni i da se dogovori konkretna budu\u0107a saradnja, kako izme\u0111u pojedinaca, tako i izme\u0111u institucija. O tome \u0107emo blagovremeno obavijestiti na\u0161e drage pratioce na dru\u0161tvenim mre\u017eama i posjetioce izlo\u017ebi u na\u0161oj galeriji!<\/p>\n<style type=\"text\/css\">\r\n\t#foogallery-gallery-5354 .fg-image {\r\n        width: 150px;\r\n    }\r\n<\/style>\r\n\t\t\t\t<div class=\"foogallery foogallery-container foogallery-default foogallery-lightbox-foogallery fg-gutter-10 fg-center fg-default fg-light fg-border-thin fg-shadow-outline fg-loading-default fg-loaded-fade-in fg-caption-hover fg-hover-fade fg-hover-zoom fg-ready\" id=\"foogallery-gallery-5354\" data-foogallery=\"{&quot;item&quot;:{&quot;showCaptionTitle&quot;:true,&quot;showCaptionDescription&quot;:true},&quot;lazy&quot;:true}\" data-foogallery-lightbox=\"{&quot;thumbs&quot;:&quot;bottom&quot;,&quot;thumbsCaptions&quot;:false,&quot;thumbsBestFit&quot;:false,&quot;thumbsSmall&quot;:false,&quot;thumbsCaptionsAlign&quot;:&quot;default&quot;,&quot;info&quot;:&quot;bottom&quot;,&quot;infoVisible&quot;:true,&quot;infoOverlay&quot;:true,&quot;infoAlign&quot;:&quot;default&quot;,&quot;transition&quot;:&quot;fade&quot;,&quot;hoverButtons&quot;:false,&quot;fitMedia&quot;:false,&quot;noScrollbars&quot;:true,&quot;preserveButtonSpace&quot;:true,&quot;buttons&quot;:{&quot;fullscreen&quot;:true,&quot;info&quot;:true,&quot;thumbs&quot;:false},&quot;video&quot;:{&quot;autoPlay&quot;:true}}\" >\r\n\t<div class=\"fg-item fg-type-image fg-idle\"><figure class=\"fg-item-inner\"><a href=\"https:\/\/pmcg.co.me\/wp-content\/uploads\/2023\/06\/Putni-nalozi-29maj-04jun2023.pdf\" data-attachment-id=\"3838\" data-type=\"image\" class=\"fg-thumb\"><span class=\"fg-image-wrap\"><img decoding=\"async\" width=\"150\" height=\"150\" class=\"skip-lazy fg-image\" data-src-fg=\"https:\/\/pmcg.co.me\/wp-content\/uploads\/2023\/06\/Putni-nalozi-29maj-04jun2023.pdf\" src=\"data:image\/svg+xml,%3Csvg%20xmlns%3D%22http%3A%2F%2Fwww.w3.org%2F2000%2Fsvg%22%20width%3D%22150%22%20height%3D%22150%22%20viewBox%3D%220%200%20150%20150%22%3E%3C%2Fsvg%3E\" loading=\"eager\"><\/span><span class=\"fg-image-overlay\"><\/span><\/a><figcaption class=\"fg-caption\"><div class=\"fg-caption-inner\"><\/div><\/figcaption><\/figure><div class=\"fg-loader\"><\/div><\/div><div class=\"fg-item fg-type-image fg-idle\"><figure class=\"fg-item-inner\"><a href=\"https:\/\/pmcg.co.me\/wp-content\/uploads\/2025\/04\/7-Zs.jpg\" data-attachment-id=\"5151\" data-type=\"image\" class=\"fg-thumb\"><span class=\"fg-image-wrap\"><img decoding=\"async\" width=\"150\" height=\"150\" class=\"skip-lazy fg-image\" data-src-fg=\"https:\/\/pmcg.co.me\/wp-content\/uploads\/cache\/2025\/04\/7-Zs\/1062042515.jpg\" src=\"data:image\/svg+xml,%3Csvg%20xmlns%3D%22http%3A%2F%2Fwww.w3.org%2F2000%2Fsvg%22%20width%3D%22150%22%20height%3D%22150%22%20viewBox%3D%220%200%20150%20150%22%3E%3C%2Fsvg%3E\" loading=\"eager\"><\/span><span class=\"fg-image-overlay\"><\/span><\/a><figcaption class=\"fg-caption\"><div class=\"fg-caption-inner\"><\/div><\/figcaption><\/figure><div class=\"fg-loader\"><\/div><\/div><div class=\"fg-item fg-type-image fg-idle\"><figure class=\"fg-item-inner\"><a href=\"https:\/\/pmcg.co.me\/wp-content\/uploads\/2021\/09\/Otvaranje-442.jpg\" data-attachment-id=\"1919\" data-type=\"image\" class=\"fg-thumb\"><span class=\"fg-image-wrap\"><img decoding=\"async\" width=\"150\" height=\"150\" class=\"skip-lazy fg-image\" data-src-fg=\"https:\/\/pmcg.co.me\/wp-content\/uploads\/cache\/2021\/09\/Otvaranje-442\/1070706499.jpg\" src=\"data:image\/svg+xml,%3Csvg%20xmlns%3D%22http%3A%2F%2Fwww.w3.org%2F2000%2Fsvg%22%20width%3D%22150%22%20height%3D%22150%22%20viewBox%3D%220%200%20150%20150%22%3E%3C%2Fsvg%3E\" loading=\"eager\"><\/span><span class=\"fg-image-overlay\"><\/span><\/a><figcaption class=\"fg-caption\"><div class=\"fg-caption-inner\"><\/div><\/figcaption><\/figure><div class=\"fg-loader\"><\/div><\/div><\/div>","protected":false},"excerpt":{"rendered":"<p>Dok pripremamo Galeriju za Dane Evropske kulturne ba\u0161tine i Evropsku no\u0107 istra\u017eiva\u010da, kada \u0107emo na\u0161e posjetioce obradovati lijepim i edukativnim izlo\u017ebama, dio stru\u010dnog kadra je prezentovao rezultate rada na me\u0111unarodnim skupovima. Kustoskinje u Zbirci cvjetnica Prirodnja\u010dkog muzeja Dr Nada Bubanja i Dr Sne\u017eana Vuksanovi\u0107, u\u010destvovale su na 8. Hrvatskom botani\u010dkom simpozijumu, koji je odr\u017ean u [&hellip;]<\/p>","protected":false},"author":1,"featured_media":5348,"comment_status":"open","ping_status":"open","sticky":false,"template":"","format":"standard","meta":{"footnotes":""},"categories":[30,48,35],"tags":[],"class_list":["post-5347","post","type-post","status-publish","format-standard","has-post-thumbnail","hentry","category-aktivnosti","category-istaknuta-vijest","category-naucno-istrazivacki-rad"],"_links":{"self":[{"href":"https:\/\/pmcg.co.me\/en\/wp-json\/wp\/v2\/posts\/5347","targetHints":{"allow":["GET"]}}],"collection":[{"href":"https:\/\/pmcg.co.me\/en\/wp-json\/wp\/v2\/posts"}],"about":[{"href":"https:\/\/pmcg.co.me\/en\/wp-json\/wp\/v2\/types\/post"}],"author":[{"embeddable":true,"href":"https:\/\/pmcg.co.me\/en\/wp-json\/wp\/v2\/users\/1"}],"replies":[{"embeddable":true,"href":"https:\/\/pmcg.co.me\/en\/wp-json\/wp\/v2\/comments?post=5347"}],"version-history":[{"count":0,"href":"https:\/\/pmcg.co.me\/en\/wp-json\/wp\/v2\/posts\/5347\/revisions"}],"wp:featuredmedia":[{"embeddable":true,"href":"https:\/\/pmcg.co.me\/en\/wp-json\/wp\/v2\/media\/5348"}],"wp:attachment":[{"href":"https:\/\/pmcg.co.me\/en\/wp-json\/wp\/v2\/media?parent=5347"}],"wp:term":[{"taxonomy":"category","embeddable":true,"href":"https:\/\/pmcg.co.me\/en\/wp-json\/wp\/v2\/categories?post=5347"},{"taxonomy":"post_tag","embeddable":true,"href":"https:\/\/pmcg.co.me\/en\/wp-json\/wp\/v2\/tags?post=5347"}],"curies":[{"name":"wp","href":"https:\/\/api.w.org\/{rel}","templated":true}]}}