{"id":5221,"date":"2025-05-09T21:38:44","date_gmt":"2025-05-09T19:38:44","guid":{"rendered":"https:\/\/pmcg.co.me\/?p=5221"},"modified":"2025-05-09T21:52:38","modified_gmt":"2025-05-09T19:52:38","slug":"proslava-30-godina-prirodnjackog-muzeja-crne-gore","status":"publish","type":"post","link":"https:\/\/pmcg.co.me\/en\/proslava-30-godina-prirodnjackog-muzeja-crne-gore\/","title":{"rendered":"PROSLAVA 30 GODINA PRIRODNJA\u010cKOG MUZEJA CRNE GORE"},"content":{"rendered":"<p><a href=\"http:\/\/pmcg.co.me\/wp-content\/uploads\/2025\/05\/7-PMCG-1544.jpg\"><img loading=\"lazy\" decoding=\"async\" class=\"alignleft wp-image-5216 size-medium\" src=\"http:\/\/pmcg.co.me\/wp-content\/uploads\/2025\/05\/7-PMCG-1544-300x167.jpg\" alt=\"\" width=\"300\" height=\"167\" srcset=\"https:\/\/pmcg.co.me\/wp-content\/uploads\/2025\/05\/7-PMCG-1544-300x167.jpg 300w, https:\/\/pmcg.co.me\/wp-content\/uploads\/2025\/05\/7-PMCG-1544-768x428.jpg 768w, https:\/\/pmcg.co.me\/wp-content\/uploads\/2025\/05\/7-PMCG-1544-18x10.jpg 18w, https:\/\/pmcg.co.me\/wp-content\/uploads\/2025\/05\/7-PMCG-1544.jpg 1000w\" sizes=\"auto, (max-width: 300px) 100vw, 300px\" \/><\/a>Sino\u0107 je Prirodnja\u010dki muzej Crne Gore sve\u010dano obilje\u017eio tri decenije rada, okupljaju\u0107i svoje prijatelje, predstavnike mati\u010dnog Ministarstva kulture i medija, Op\u0161tine Podgorica, donatore, saradnike, biv\u0161e i sada\u0161nje zaposlene, i ostale brojne ljubitelje prirode, nauke i kulture. Tokom proteklih 30 godina, Muzej je pro\u0161ao zna\u010dajnu transformaciju, od klasi\u010dnih izlo\u017ebi do savremenih interaktivnih postavki, postaju\u0107i zna\u010dajan centar kulturnih de\u0161avanja, edukacije i istra\u017eivanja u Crnoj Gori.<\/p>\n<p>Na sve\u010danosti se prisutnima prvo obratila Ministarka kulture i medija dr Tamara Vujovi\u0107 isti\u010du\u0107i njegovu transformaciju tokom poslednjih nekoliko godina u ustanovu od izuzetnog zna\u010daja za crnogorsko dru\u0161tvo.<\/p>\n<p>Direktorica Prirodnja\u010dkog muzeja se prisutnima obratila kratkim osvrtom kako je Muzej rastao i\u00a0 sazrijevao i u kvalitativnom smislu na\u0161eg rada, i u kvantitativnom obimu na\u0161ih aktivnosti. \u201eNa\u0161a misija je oduvijek bila jasna: da probudimo radoznalost, podstaknemo uva\u017eavanje prirode i edukujemo o va\u017enosti njenog o\u010duvanja.\u201c<\/p>\n<p>Kao po\u010dasni gost, direktor Prirodnja\u010dkog muzeja u Beogradu, gosp. Slavko Spasi\u0107 je istakao dugogodi\u0161nju saradnju dvije institucije i napomenuo da se obije institucije trenutno nalaze u sli\u010dnom procesu \u2013 proceduri izgradnje novih zgrada, namjenski osmi\u0161ljenih i izgra\u0111enih za potrebe prirodnja\u010dkih muzeja<\/p>\n<p>Poseban trenutak ve\u010deri bilo je predstavljanje dosada\u0161njeg rada kroz 35-minutni film koji se osvrnuo od procesa nastanka Prirodnja\u010dkog muzeja i prvih aktivnosti do godina inovacija i rekordne posje\u0107enosti. Rezultat je Muzej namijenjen svim starosnim kategorijama i svim socijalnim grupama u na\u0161em dru\u0161tvu.<\/p>\n<p>Uz muzi\u010dki kvartet, dru\u017eenje i inspirativne govore, sino\u0107nja proslava bila je podsjetnik na zna\u010daj muzeja kao mjesta susreta i razmjene znanja i iskustava. S nadom da \u0107e naredni jubilej biti obilje\u017een u novoj zgradi, Prirodnja\u010dki muzej Crne Gore nastavlja svoju misiju \u2013 Muzej \u0107e nastaviti da inspiri\u0161e budu\u0107e generacije i povezuje ljude sa prirodom i naukom.<\/p>\n<p>Zahvaljujemo se svima koji su sa nama podijelili ovaj jubilej.<\/p>\n<style type=\"text\/css\">\r\n\t#foogallery-gallery-5220 .fg-image {\r\n        width: 150px;\r\n    }\r\n<\/style>\r\n\t\t\t\t<div class=\"foogallery foogallery-container foogallery-default foogallery-lightbox-foogallery fg-gutter-10 fg-center fg-default fg-light fg-border-thin fg-shadow-outline fg-loading-default fg-loaded-fade-in fg-caption-hover fg-hover-fade fg-hover-zoom fg-ready\" id=\"foogallery-gallery-5220\" data-foogallery=\"{&quot;item&quot;:{&quot;showCaptionTitle&quot;:true,&quot;showCaptionDescription&quot;:true},&quot;lazy&quot;:true}\" data-foogallery-lightbox=\"{&quot;thumbs&quot;:&quot;bottom&quot;,&quot;thumbsCaptions&quot;:false,&quot;thumbsBestFit&quot;:false,&quot;thumbsSmall&quot;:false,&quot;thumbsCaptionsAlign&quot;:&quot;default&quot;,&quot;info&quot;:&quot;bottom&quot;,&quot;infoVisible&quot;:true,&quot;infoOverlay&quot;:true,&quot;infoAlign&quot;:&quot;default&quot;,&quot;transition&quot;:&quot;fade&quot;,&quot;hoverButtons&quot;:false,&quot;fitMedia&quot;:false,&quot;noScrollbars&quot;:true,&quot;preserveButtonSpace&quot;:true,&quot;buttons&quot;:{&quot;fullscreen&quot;:true,&quot;info&quot;:true,&quot;thumbs&quot;:false},&quot;video&quot;:{&quot;autoPlay&quot;:true}}\" >\r\n\t<div class=\"fg-item fg-type-image fg-idle\"><figure class=\"fg-item-inner\"><a href=\"https:\/\/pmcg.co.me\/wp-content\/uploads\/2023\/06\/Putni-nalozi-29maj-04jun2023.pdf\" data-attachment-id=\"3838\" data-type=\"image\" class=\"fg-thumb\"><span class=\"fg-image-wrap\"><img decoding=\"async\" width=\"150\" height=\"150\" class=\"skip-lazy fg-image\" data-src-fg=\"https:\/\/pmcg.co.me\/wp-content\/uploads\/2023\/06\/Putni-nalozi-29maj-04jun2023.pdf\" src=\"data:image\/svg+xml,%3Csvg%20xmlns%3D%22http%3A%2F%2Fwww.w3.org%2F2000%2Fsvg%22%20width%3D%22150%22%20height%3D%22150%22%20viewBox%3D%220%200%20150%20150%22%3E%3C%2Fsvg%3E\" loading=\"eager\"><\/span><span class=\"fg-image-overlay\"><\/span><\/a><figcaption class=\"fg-caption\"><div class=\"fg-caption-inner\"><\/div><\/figcaption><\/figure><div class=\"fg-loader\"><\/div><\/div><div class=\"fg-item fg-type-image fg-idle\"><figure class=\"fg-item-inner\"><a href=\"https:\/\/pmcg.co.me\/wp-content\/uploads\/2025\/04\/7-Zs.jpg\" data-attachment-id=\"5151\" data-type=\"image\" class=\"fg-thumb\"><span class=\"fg-image-wrap\"><img decoding=\"async\" width=\"150\" height=\"150\" class=\"skip-lazy fg-image\" data-src-fg=\"https:\/\/pmcg.co.me\/wp-content\/uploads\/cache\/2025\/04\/7-Zs\/3133942238.jpg\" src=\"data:image\/svg+xml,%3Csvg%20xmlns%3D%22http%3A%2F%2Fwww.w3.org%2F2000%2Fsvg%22%20width%3D%22150%22%20height%3D%22150%22%20viewBox%3D%220%200%20150%20150%22%3E%3C%2Fsvg%3E\" loading=\"eager\"><\/span><span class=\"fg-image-overlay\"><\/span><\/a><figcaption class=\"fg-caption\"><div class=\"fg-caption-inner\"><\/div><\/figcaption><\/figure><div class=\"fg-loader\"><\/div><\/div><div class=\"fg-item fg-type-image fg-idle\"><figure class=\"fg-item-inner\"><a href=\"https:\/\/pmcg.co.me\/wp-content\/uploads\/2021\/09\/Otvaranje-442.jpg\" data-attachment-id=\"1919\" data-type=\"image\" class=\"fg-thumb\"><span class=\"fg-image-wrap\"><img decoding=\"async\" width=\"150\" height=\"150\" class=\"skip-lazy fg-image\" data-src-fg=\"https:\/\/pmcg.co.me\/wp-content\/uploads\/cache\/2021\/09\/Otvaranje-442\/1729354629.jpg\" src=\"data:image\/svg+xml,%3Csvg%20xmlns%3D%22http%3A%2F%2Fwww.w3.org%2F2000%2Fsvg%22%20width%3D%22150%22%20height%3D%22150%22%20viewBox%3D%220%200%20150%20150%22%3E%3C%2Fsvg%3E\" loading=\"eager\"><\/span><span class=\"fg-image-overlay\"><\/span><\/a><figcaption class=\"fg-caption\"><div class=\"fg-caption-inner\"><\/div><\/figcaption><\/figure><div class=\"fg-loader\"><\/div><\/div><\/div>","protected":false},"excerpt":{"rendered":"<p>Sino\u0107 je Prirodnja\u010dki muzej Crne Gore sve\u010dano obilje\u017eio tri decenije rada, okupljaju\u0107i svoje prijatelje, predstavnike mati\u010dnog Ministarstva kulture i medija, Op\u0161tine Podgorica, donatore, saradnike, biv\u0161e i sada\u0161nje zaposlene, i ostale brojne ljubitelje prirode, nauke i kulture. Tokom proteklih 30 godina, Muzej je pro\u0161ao zna\u010dajnu transformaciju, od klasi\u010dnih izlo\u017ebi do savremenih interaktivnih postavki, postaju\u0107i zna\u010dajan centar [&hellip;]<\/p>","protected":false},"author":1,"featured_media":5223,"comment_status":"open","ping_status":"open","sticky":false,"template":"","format":"standard","meta":{"footnotes":""},"categories":[30,48,1],"tags":[],"class_list":["post-5221","post","type-post","status-publish","format-standard","has-post-thumbnail","hentry","category-aktivnosti","category-istaknuta-vijest","category-zabava"],"_links":{"self":[{"href":"https:\/\/pmcg.co.me\/en\/wp-json\/wp\/v2\/posts\/5221","targetHints":{"allow":["GET"]}}],"collection":[{"href":"https:\/\/pmcg.co.me\/en\/wp-json\/wp\/v2\/posts"}],"about":[{"href":"https:\/\/pmcg.co.me\/en\/wp-json\/wp\/v2\/types\/post"}],"author":[{"embeddable":true,"href":"https:\/\/pmcg.co.me\/en\/wp-json\/wp\/v2\/users\/1"}],"replies":[{"embeddable":true,"href":"https:\/\/pmcg.co.me\/en\/wp-json\/wp\/v2\/comments?post=5221"}],"version-history":[{"count":0,"href":"https:\/\/pmcg.co.me\/en\/wp-json\/wp\/v2\/posts\/5221\/revisions"}],"wp:featuredmedia":[{"embeddable":true,"href":"https:\/\/pmcg.co.me\/en\/wp-json\/wp\/v2\/media\/5223"}],"wp:attachment":[{"href":"https:\/\/pmcg.co.me\/en\/wp-json\/wp\/v2\/media?parent=5221"}],"wp:term":[{"taxonomy":"category","embeddable":true,"href":"https:\/\/pmcg.co.me\/en\/wp-json\/wp\/v2\/categories?post=5221"},{"taxonomy":"post_tag","embeddable":true,"href":"https:\/\/pmcg.co.me\/en\/wp-json\/wp\/v2\/tags?post=5221"}],"curies":[{"name":"wp","href":"https:\/\/api.w.org\/{rel}","templated":true}]}}