{"id":5206,"date":"2025-04-26T17:31:13","date_gmt":"2025-04-26T15:31:13","guid":{"rendered":"https:\/\/pmcg.co.me\/?p=5206"},"modified":"2025-04-26T17:32:08","modified_gmt":"2025-04-26T15:32:08","slug":"jos-korak-blize-novoj-zgradi-prirodnjackog-muzeja","status":"publish","type":"post","link":"https:\/\/pmcg.co.me\/en\/jos-korak-blize-novoj-zgradi-prirodnjackog-muzeja\/","title":{"rendered":"JO\u0160 KORAK BLI\u017dE NOVOJ ZGRADI PRIRODNJA\u010cKOG MUZEJA"},"content":{"rendered":"<p><a href=\"http:\/\/pmcg.co.me\/wp-content\/uploads\/2025\/04\/11s-1.jpg\"><img loading=\"lazy\" decoding=\"async\" class=\"alignleft wp-image-5203 size-thumbnail\" src=\"http:\/\/pmcg.co.me\/wp-content\/uploads\/2025\/04\/11s-1-150x150.jpg\" alt=\"\" width=\"150\" height=\"150\" srcset=\"https:\/\/pmcg.co.me\/wp-content\/uploads\/2025\/04\/11s-1-150x150.jpg 150w, https:\/\/pmcg.co.me\/wp-content\/uploads\/2025\/04\/11s-1-12x12.jpg 12w, https:\/\/pmcg.co.me\/wp-content\/uploads\/2025\/04\/11s-1-700x700.jpg 700w, https:\/\/pmcg.co.me\/wp-content\/uploads\/2025\/04\/11s-1-500x500.jpg 500w\" sizes=\"auto, (max-width: 150px) 100vw, 150px\" \/><\/a>Vlada Crne Gore je, na sjednici odr\u017eanoj 25. aprila 2025. godine, usvojila Predlog urbanisti\u010dko-tehni\u010dkih uslova za izradu tehni\u010dke dolumentacije koja se odnosi na prostor predvi\u0111en za nove objekte <strong>Prirodnja\u010dkog muzeja, Muzeja savremene umjetnosti i Parka kulture<\/strong>.<\/p>\n<p>Rije\u010d je o katastarskoj parceli broj 2211\/1 KO Podgorica II, povr\u0161ine 50.436m<sup>2<\/sup>, odnosno o podru\u010dju nekada\u0161nje kasarne \u201eMora\u010da\u201c na lijevoj obali Mora\u010de u samom centru Glavnog grada.<\/p>\n<p>&nbsp;<\/p>\n<p><strong><a href=\"http:\/\/pmcg.co.me\/wp-content\/uploads\/2025\/04\/TEH-12.jpg\"><img loading=\"lazy\" decoding=\"async\" class=\"alignleft size-thumbnail wp-image-5205\" src=\"http:\/\/pmcg.co.me\/wp-content\/uploads\/2025\/04\/TEH-12-150x150.jpg\" alt=\"\" width=\"150\" height=\"150\" \/><\/a>U godini kada Prirodnja\u010dki muzej obilje\u017eava tri decenije od osnivanja, ovakve vijesti nas ohrabruju da dru\u0161tvo prepoznaje ulogu i zna\u010daj koji Prirodnja\u010dki muzej Crne Gore ima kako u kulturi, tako i u nauci i obrazovanju, podjednako na nivou lokalne zajednice i na nivou dr\u017eave i regiona.<\/strong><\/p>\n<p>Detalji predloga su dostupni na linku:<\/p>\n<p>https:\/\/www.gov.me\/dokumenta\/b343d89a-1d0e-4a46-9169-f107f8818b40<\/p>\n<p><a href=\"http:\/\/pmcg.co.me\/wp-content\/uploads\/2025\/04\/TEH-Page-28.jpg\"><img loading=\"lazy\" decoding=\"async\" class=\"aligncenter wp-image-5204 size-medium\" src=\"http:\/\/pmcg.co.me\/wp-content\/uploads\/2025\/04\/TEH-Page-28-300x213.jpg\" alt=\"\" width=\"300\" height=\"213\" srcset=\"https:\/\/pmcg.co.me\/wp-content\/uploads\/2025\/04\/TEH-Page-28-300x213.jpg 300w, https:\/\/pmcg.co.me\/wp-content\/uploads\/2025\/04\/TEH-Page-28-768x546.jpg 768w, https:\/\/pmcg.co.me\/wp-content\/uploads\/2025\/04\/TEH-Page-28-18x12.jpg 18w, https:\/\/pmcg.co.me\/wp-content\/uploads\/2025\/04\/TEH-Page-28.jpg 1000w\" sizes=\"auto, (max-width: 300px) 100vw, 300px\" \/><\/a><\/p>","protected":false},"excerpt":{"rendered":"<p>Vlada Crne Gore je, na sjednici odr\u017eanoj 25. aprila 2025. godine, usvojila Predlog urbanisti\u010dko-tehni\u010dkih uslova za izradu tehni\u010dke dolumentacije koja se odnosi na prostor predvi\u0111en za nove objekte Prirodnja\u010dkog muzeja, Muzeja savremene umjetnosti i Parka kulture. Rije\u010d je o katastarskoj parceli broj 2211\/1 KO Podgorica II, povr\u0161ine 50.436m2, odnosno o podru\u010dju nekada\u0161nje kasarne \u201eMora\u010da\u201c na [&hellip;]<\/p>","protected":false},"author":1,"featured_media":5202,"comment_status":"open","ping_status":"open","sticky":false,"template":"","format":"standard","meta":{"footnotes":""},"categories":[30,48],"tags":[],"class_list":["post-5206","post","type-post","status-publish","format-standard","has-post-thumbnail","hentry","category-aktivnosti","category-istaknuta-vijest"],"_links":{"self":[{"href":"https:\/\/pmcg.co.me\/en\/wp-json\/wp\/v2\/posts\/5206","targetHints":{"allow":["GET"]}}],"collection":[{"href":"https:\/\/pmcg.co.me\/en\/wp-json\/wp\/v2\/posts"}],"about":[{"href":"https:\/\/pmcg.co.me\/en\/wp-json\/wp\/v2\/types\/post"}],"author":[{"embeddable":true,"href":"https:\/\/pmcg.co.me\/en\/wp-json\/wp\/v2\/users\/1"}],"replies":[{"embeddable":true,"href":"https:\/\/pmcg.co.me\/en\/wp-json\/wp\/v2\/comments?post=5206"}],"version-history":[{"count":0,"href":"https:\/\/pmcg.co.me\/en\/wp-json\/wp\/v2\/posts\/5206\/revisions"}],"wp:featuredmedia":[{"embeddable":true,"href":"https:\/\/pmcg.co.me\/en\/wp-json\/wp\/v2\/media\/5202"}],"wp:attachment":[{"href":"https:\/\/pmcg.co.me\/en\/wp-json\/wp\/v2\/media?parent=5206"}],"wp:term":[{"taxonomy":"category","embeddable":true,"href":"https:\/\/pmcg.co.me\/en\/wp-json\/wp\/v2\/categories?post=5206"},{"taxonomy":"post_tag","embeddable":true,"href":"https:\/\/pmcg.co.me\/en\/wp-json\/wp\/v2\/tags?post=5206"}],"curies":[{"name":"wp","href":"https:\/\/api.w.org\/{rel}","templated":true}]}}