{"id":5186,"date":"2025-04-23T11:08:04","date_gmt":"2025-04-23T09:08:04","guid":{"rendered":"https:\/\/pmcg.co.me\/?p=5186"},"modified":"2025-04-23T11:08:04","modified_gmt":"2025-04-23T09:08:04","slug":"danas-je-svjetski-dan-knjige-i-autorskih-prava","status":"publish","type":"post","link":"https:\/\/pmcg.co.me\/en\/danas-je-svjetski-dan-knjige-i-autorskih-prava\/","title":{"rendered":"Danas je Svjetski dan knjige i autorskih prava!"},"content":{"rendered":"<p><a href=\"http:\/\/pmcg.co.me\/wp-content\/uploads\/2025\/04\/2-BIBLIOTEKA.jpg\"><img loading=\"lazy\" decoding=\"async\" class=\"alignleft wp-image-5183 size-medium\" src=\"http:\/\/pmcg.co.me\/wp-content\/uploads\/2025\/04\/2-BIBLIOTEKA-300x255.jpg\" alt=\"\" width=\"300\" height=\"255\" srcset=\"https:\/\/pmcg.co.me\/wp-content\/uploads\/2025\/04\/2-BIBLIOTEKA-300x255.jpg 300w, https:\/\/pmcg.co.me\/wp-content\/uploads\/2025\/04\/2-BIBLIOTEKA-768x654.jpg 768w, https:\/\/pmcg.co.me\/wp-content\/uploads\/2025\/04\/2-BIBLIOTEKA-14x12.jpg 14w, https:\/\/pmcg.co.me\/wp-content\/uploads\/2025\/04\/2-BIBLIOTEKA.jpg 1000w\" sizes=\"auto, (max-width: 300px) 100vw, 300px\" \/><\/a>23. april se obilje\u017eava od 1995. godine, kada je ustanovljen na Generalnoj konferenciji UNESCO-a u Parizu, kojim se odaje po\u010dast knjigama i autorima iz cijelog svijeta.<\/p>\n<p>Dan knjiga je posve\u0107en promociji \u010ditanja, izdava\u0161tva i autorskih prava. Datum nije bio proizvoljan, ve\u0107 je godi\u0161njica smrti dva velikana svjetske knji\u017eevnosti, Servantesa i \u0160ekspira i ro\u0111enja Nabukova, Mexie i drugih. Du\u017eu tradiciju ima u \u0160paniji. Naime, jo\u0161 od Srednjeg vijeka, na dan Svetog \u0110ur\u0111a, mu\u0161karci su svojim damama poklanjali ru\u017ee, a od 1925. g. dame zauzvrat, njima poklanjaju knjige.<\/p>\n<p>Svjetski dan knjige se obilje\u017eava \u0161irom svijeta, organizovanjem manifestacija, promocija i sajmova knjiga, a sve u cilju da se knjiga \u201cpribli\u017ei\u201d \u010ditaocu. Da li treba ukazati na zna\u010daj knjiga? Jo\u0161 od prvih zapisa, tri melenijuma prije nove ere, ljudi su na kamenim plo\u010dicama urezivali svoja saznanja. Preko papirusa, pergamenta, do papira, ru\u010dno prepisuju\u0107i sve do XV v. kada Gutenberg \u0161tampa prve knjige, do danas, kao svjedo\u010danstvo ljudskog znanja i razvoja postoje &#8211; knjige. Tihi hroni\u010dari istorije i civilizacije. Njenim razvojem, razvija se pismenost, nauka, kultura\u2026 Svaka pro\u010ditana knjiga je iskustvena nadogradnja \u010dovjeka. Ona nas upoznaje sa svijetom oko nas, ali nas i vodi izvan \u201cna\u0161ih\u201d svjetova.<\/p>\n<p><a href=\"http:\/\/pmcg.co.me\/wp-content\/uploads\/2025\/04\/3-Naslovna-103.jpg\"><img loading=\"lazy\" decoding=\"async\" class=\"alignleft wp-image-5184 size-medium\" src=\"http:\/\/pmcg.co.me\/wp-content\/uploads\/2025\/04\/3-Naslovna-103-268x300.jpg\" alt=\"\" width=\"268\" height=\"300\" srcset=\"https:\/\/pmcg.co.me\/wp-content\/uploads\/2025\/04\/3-Naslovna-103-268x300.jpg 268w, https:\/\/pmcg.co.me\/wp-content\/uploads\/2025\/04\/3-Naslovna-103-11x12.jpg 11w, https:\/\/pmcg.co.me\/wp-content\/uploads\/2025\/04\/3-Naslovna-103.jpg 693w\" sizes=\"auto, (max-width: 268px) 100vw, 268px\" \/><\/a>JU Prirodnja\u010dki muzej Crne Gore, iako mu to nije primarna uloga, tokom tri decenije svog postojanja uklju\u010dio se i u izdava\u010dki proces. Pored nau\u010dnog \u010dasopisa \u201cNatura Montenegrina\u201d, sa ukupno osam Posebnih izdanja do sada, dat je zna\u010dajan doprinos istra\u017eiva\u010dkom radu, a isto tako i bibliografskom.<\/p>\n<p>Biljana Joveti\u0107<\/p>\n<p>bibliotekar<\/p>","protected":false},"excerpt":{"rendered":"<p>23. april se obilje\u017eava od 1995. godine, kada je ustanovljen na Generalnoj konferenciji UNESCO-a u Parizu, kojim se odaje po\u010dast knjigama i autorima iz cijelog svijeta. Dan knjiga je posve\u0107en promociji \u010ditanja, izdava\u0161tva i autorskih prava. Datum nije bio proizvoljan, ve\u0107 je godi\u0161njica smrti dva velikana svjetske knji\u017eevnosti, Servantesa i \u0160ekspira i ro\u0111enja Nabukova, Mexie [&hellip;]<\/p>","protected":false},"author":1,"featured_media":5182,"comment_status":"open","ping_status":"open","sticky":false,"template":"","format":"standard","meta":{"footnotes":""},"categories":[48,1],"tags":[],"class_list":["post-5186","post","type-post","status-publish","format-standard","has-post-thumbnail","hentry","category-istaknuta-vijest","category-zabava"],"_links":{"self":[{"href":"https:\/\/pmcg.co.me\/en\/wp-json\/wp\/v2\/posts\/5186","targetHints":{"allow":["GET"]}}],"collection":[{"href":"https:\/\/pmcg.co.me\/en\/wp-json\/wp\/v2\/posts"}],"about":[{"href":"https:\/\/pmcg.co.me\/en\/wp-json\/wp\/v2\/types\/post"}],"author":[{"embeddable":true,"href":"https:\/\/pmcg.co.me\/en\/wp-json\/wp\/v2\/users\/1"}],"replies":[{"embeddable":true,"href":"https:\/\/pmcg.co.me\/en\/wp-json\/wp\/v2\/comments?post=5186"}],"version-history":[{"count":0,"href":"https:\/\/pmcg.co.me\/en\/wp-json\/wp\/v2\/posts\/5186\/revisions"}],"wp:featuredmedia":[{"embeddable":true,"href":"https:\/\/pmcg.co.me\/en\/wp-json\/wp\/v2\/media\/5182"}],"wp:attachment":[{"href":"https:\/\/pmcg.co.me\/en\/wp-json\/wp\/v2\/media?parent=5186"}],"wp:term":[{"taxonomy":"category","embeddable":true,"href":"https:\/\/pmcg.co.me\/en\/wp-json\/wp\/v2\/categories?post=5186"},{"taxonomy":"post_tag","embeddable":true,"href":"https:\/\/pmcg.co.me\/en\/wp-json\/wp\/v2\/tags?post=5186"}],"curies":[{"name":"wp","href":"https:\/\/api.w.org\/{rel}","templated":true}]}}