{"id":4883,"date":"2024-12-14T14:03:15","date_gmt":"2024-12-14T13:03:15","guid":{"rendered":"https:\/\/pmcg.co.me\/?p=4883"},"modified":"2024-12-14T14:03:15","modified_gmt":"2024-12-14T13:03:15","slug":"pozivamo-vas-na-svecano-otvaranje-izlozbe-krojevi-prirode-koju-je-prirodnjacki-muzej-pripremio-u-saradnji-sa-sss-spasoje-raspopovic","status":"publish","type":"post","link":"https:\/\/pmcg.co.me\/en\/pozivamo-vas-na-svecano-otvaranje-izlozbe-krojevi-prirode-koju-je-prirodnjacki-muzej-pripremio-u-saradnji-sa-sss-spasoje-raspopovic\/","title":{"rendered":"POZIVAMO VAS NA SVE\u010cANO OTVARANJE IZLO\u017dBE  \u201eKROJEVI PRIRODE\u201c KOJU JE PRIRODNJA\u010cKI MUZEJ PRIPREMIO U SARADNJI SA SS\u0160 \u201eSPASOJE RASPOPOVI\u0106\u201c"},"content":{"rendered":"<p><a href=\"http:\/\/pmcg.co.me\/wp-content\/uploads\/2024\/12\/Pozivnica-izlozba-Krojevi-prirode.jpg\"><img loading=\"lazy\" decoding=\"async\" class=\"alignleft wp-image-4882 size-thumbnail\" src=\"http:\/\/pmcg.co.me\/wp-content\/uploads\/2024\/12\/Pozivnica-izlozba-Krojevi-prirode-150x150.jpg\" alt=\"\" width=\"150\" height=\"150\" srcset=\"https:\/\/pmcg.co.me\/wp-content\/uploads\/2024\/12\/Pozivnica-izlozba-Krojevi-prirode-150x150.jpg 150w, https:\/\/pmcg.co.me\/wp-content\/uploads\/2024\/12\/Pozivnica-izlozba-Krojevi-prirode-300x300.jpg 300w, https:\/\/pmcg.co.me\/wp-content\/uploads\/2024\/12\/Pozivnica-izlozba-Krojevi-prirode-12x12.jpg 12w, https:\/\/pmcg.co.me\/wp-content\/uploads\/2024\/12\/Pozivnica-izlozba-Krojevi-prirode.jpg 500w\" sizes=\"auto, (max-width: 150px) 100vw, 150px\" \/><\/a>Za kraj 2024. godine pripremili smo izlo\u017ebu nastalu na malo druga\u010diji na\u010din nego do sada. U\u010denici SS\u0160 \u201eSpasoje Raspopovi\u0107\u201c su, na osnovu izgleda i detalja pojedinih biljaka, \u017eivotinja i gljiva iz zbirki Prirodnja\u010dkog muzeja Crne Gore, dizajnirali i izradili odjevne predmete i aksesoar. Autorka ove izlo\u017ebe pod nazivom<strong><em> \u201eKROJEVI PRIRODE\u201c<\/em><\/strong> je Mr \u010ceda Ivanovi\u0107, muzejska savjetnica Prirodnja\u010dkog muzeja.<\/p>\n<p>Sve\u010dano otvaranje je u utorak, <strong>17. decembra 2024. godine u Multimedijalnoj sali Ministarstva kulture i medija na Cetinju, sa po\u010detkom u 12h.<\/strong><\/p>\n<p>DOBRODO\u0160LI!!<\/p>","protected":false},"excerpt":{"rendered":"<p>Za kraj 2024. godine pripremili smo izlo\u017ebu nastalu na malo druga\u010diji na\u010din nego do sada. U\u010denici SS\u0160 \u201eSpasoje Raspopovi\u0107\u201c su, na osnovu izgleda i detalja pojedinih biljaka, \u017eivotinja i gljiva iz zbirki Prirodnja\u010dkog muzeja Crne Gore, dizajnirali i izradili odjevne predmete i aksesoar. Autorka ove izlo\u017ebe pod nazivom \u201eKROJEVI PRIRODE\u201c je Mr \u010ceda Ivanovi\u0107, muzejska [&hellip;]<\/p>","protected":false},"author":1,"featured_media":4882,"comment_status":"open","ping_status":"open","sticky":false,"template":"","format":"standard","meta":{"footnotes":""},"categories":[30,48,33,1],"tags":[],"class_list":["post-4883","post","type-post","status-publish","format-standard","has-post-thumbnail","hentry","category-aktivnosti","category-istaknuta-vijest","category-izlozbe-u-priremi","category-zabava"],"_links":{"self":[{"href":"https:\/\/pmcg.co.me\/en\/wp-json\/wp\/v2\/posts\/4883","targetHints":{"allow":["GET"]}}],"collection":[{"href":"https:\/\/pmcg.co.me\/en\/wp-json\/wp\/v2\/posts"}],"about":[{"href":"https:\/\/pmcg.co.me\/en\/wp-json\/wp\/v2\/types\/post"}],"author":[{"embeddable":true,"href":"https:\/\/pmcg.co.me\/en\/wp-json\/wp\/v2\/users\/1"}],"replies":[{"embeddable":true,"href":"https:\/\/pmcg.co.me\/en\/wp-json\/wp\/v2\/comments?post=4883"}],"version-history":[{"count":0,"href":"https:\/\/pmcg.co.me\/en\/wp-json\/wp\/v2\/posts\/4883\/revisions"}],"wp:featuredmedia":[{"embeddable":true,"href":"https:\/\/pmcg.co.me\/en\/wp-json\/wp\/v2\/media\/4882"}],"wp:attachment":[{"href":"https:\/\/pmcg.co.me\/en\/wp-json\/wp\/v2\/media?parent=4883"}],"wp:term":[{"taxonomy":"category","embeddable":true,"href":"https:\/\/pmcg.co.me\/en\/wp-json\/wp\/v2\/categories?post=4883"},{"taxonomy":"post_tag","embeddable":true,"href":"https:\/\/pmcg.co.me\/en\/wp-json\/wp\/v2\/tags?post=4883"}],"curies":[{"name":"wp","href":"https:\/\/api.w.org\/{rel}","templated":true}]}}