{"id":4515,"date":"2024-06-24T14:29:29","date_gmt":"2024-06-24T12:29:29","guid":{"rendered":"https:\/\/pmcg.co.me\/?p=4515"},"modified":"2024-06-24T14:35:47","modified_gmt":"2024-06-24T12:35:47","slug":"prirodnjacki-muzej-crne-gore-dobija-najvecu-donaciju-prirodnjackog-materijala-do-sada","status":"publish","type":"post","link":"http:\/\/pmcg.co.me\/en\/prirodnjacki-muzej-crne-gore-dobija-najvecu-donaciju-prirodnjackog-materijala-do-sada\/","title":{"rendered":"PRIRODNJA\u010cKI MUZEJ CRNE GORE DOBIJA NAJVE\u0106U DONACIJU PRIRODNJA\u010cKOG MATERIJALA DO SADA"},"content":{"rendered":"<p>Ovih dana je realizovan veliki korak u radu Prirodnja\u010dkog muzeja \u2013 zbirka ptica je oboga\u0107ena sa \u010dak 756 novih predmeta koje je donirao Prirodnja\u010dki muzej u Be\u010du (<a href=\"https:\/\/www.nhm-wien.ac.at\/museum\">Naturhistorisches Museum Wien<\/a>).<\/p>\n<p>Ugovor o donaciji su u novembru pro\u0161le godine potpisale direktorice <strong>dr Natalija \u010ca\u0111enovi\u0107<\/strong> i <strong>dr Katrin Vohland<\/strong>, \u010dime je muzej postao vlasnik nau\u010dno i stru\u010dno obra\u0111enih primjeraka evropske i svjetske ornitofaune. \u010cak je 57 vrsta novih za na\u0161u zbirku ptica.<\/p>\n<p>Inicijator donacije je <strong>dr Swen Renner<\/strong>, kustos zbirke ptica u Be\u010du, koji je prepoznao razvojne potrebe i potencijal na\u0161eg muzeja u svijetlu me\u0111unarodne saradnje. Saradnja je intenzivirana zahvaljuju\u0107i na\u0161em kustosu <strong>Andreju Viziju<\/strong>, koji borave\u0107i u Be\u010du volontira u zbirci ptica ovog muzeja. Uz prirodnja\u010dki materijal, menad\u017eer zbirke <strong>g. Hans-Martin Berg<\/strong> je omogu\u0107io donaciju i vrijedne stru\u010dne ornitolo\u0161ke literature.<\/p>\n<p><a href=\"http:\/\/pmcg.co.me\/wp-content\/uploads\/2024\/06\/Vien-1.jpg\"><img loading=\"lazy\" decoding=\"async\" class=\"alignleft wp-image-4508\" src=\"http:\/\/pmcg.co.me\/wp-content\/uploads\/2024\/06\/Vien-1-300x173.jpg\" alt=\"\" width=\"400\" height=\"230\" srcset=\"http:\/\/pmcg.co.me\/wp-content\/uploads\/2024\/06\/Vien-1-300x173.jpg 300w, http:\/\/pmcg.co.me\/wp-content\/uploads\/2024\/06\/Vien-1-768x442.jpg 768w, http:\/\/pmcg.co.me\/wp-content\/uploads\/2024\/06\/Vien-1-18x10.jpg 18w, http:\/\/pmcg.co.me\/wp-content\/uploads\/2024\/06\/Vien-1.jpg 1000w\" sizes=\"auto, (max-width: 400px) 100vw, 400px\" \/><\/a><\/p>\n<p>&nbsp;<\/p>\n<p>Zdesna nalijevo:<em> dr Swen Renner, kustos zbirke ptica u Be\u010du, dr Natalija \u010ca\u0111enovi\u0107, direktorica PMCG, dr Marko Karaman, zamjenik direktorice PMCG, Andrej Vizi MSc., nau\u010dni saradnik i Hans-Martin Berg, menad\u017eer zbirke ptica u Be\u010du.<\/em><\/p>\n<p>&nbsp;<\/p>\n<p>&nbsp;<\/p>\n<p>Ova donacija obavezuje da se uslovi smje\u0161taja i \u010duvanja prirodnja\u010dkog materijala dalje unapre\u0111uju, uz primjenu me\u0111unarodnih muzejskih standarda. U okviru postupka razmjene Prirodnja\u010dki muzej Crne Gore je postao i <em><strong>prva crnogorska nau\u010dna organizacija \u010dlanica CITES mre\u017ee<\/strong><\/em>, \u010dime je omogu\u0107ena olak\u0161ana razmjena materijala i informacija sa muzejima \u0161irom svijeta.<\/p>\n<p><img loading=\"lazy\" decoding=\"async\" class=\"size-medium wp-image-4512 alignleft\" src=\"http:\/\/pmcg.co.me\/wp-content\/uploads\/2024\/06\/Vien-6-300x194.jpg\" alt=\"\" width=\"300\" height=\"194\" srcset=\"http:\/\/pmcg.co.me\/wp-content\/uploads\/2024\/06\/Vien-6-300x194.jpg 300w, http:\/\/pmcg.co.me\/wp-content\/uploads\/2024\/06\/Vien-6-768x496.jpg 768w, http:\/\/pmcg.co.me\/wp-content\/uploads\/2024\/06\/Vien-6-18x12.jpg 18w, http:\/\/pmcg.co.me\/wp-content\/uploads\/2024\/06\/Vien-6.jpg 1000w\" sizes=\"auto, (max-width: 300px) 100vw, 300px\" \/><\/p>\n<p><em>Primjerci u zbirci ptica u Be\u010du se \u010duvaju u specijalizovanim ormarima. Predmeti sa slike su stari preko 100 godina.<\/em><\/p>\n<p>&nbsp;<\/p>\n<p>&nbsp;<\/p>\n<p>Prirodnja\u010dki muzej u Be\u010du je jedna od najzna\u010dajnijih institucija ovog tipa na svijetu. Istovremeno je i riznica znanja i muzejskog materijala sa na\u0161ih prostora. Od osnivanja ove institucije dvanaest generacija kustosa dalo je nemjerljiv doprinos razvoju biolo\u0161ke nauke i promociji globalne prirodne ba\u0161tine.<\/p>\n<p>Zahvaljujemo se direktorici Prirodnja\u010dkog muzeja u Be\u010du dr Katrin Vohland, Rener Svenu (Renner Swen) kustosu, kao i ostalom osoblju Zbirke ptica Prirodnja\u010dkog muzeja u Be\u010du. Tako\u0111e i\u00a0 MSc Vizi Andreju, koji trenutno volontira u ovoj zbirci u Be\u010du, a dugogodi\u0161nji je kustos Zbirke ptica Prirodnja\u010dkog muzeja Crne Gore.<\/p>\n<p style=\"text-align: right;\">24. jun 2024.<\/p>\n<style type=\"text\/css\">\n#foogallery-gallery-4520 .fg-image { width: 150px; }\n#foogallery-gallery-4520 { --fg-gutter: 10px; }<\/style>\n\t\t\t<div class=\"foogallery foogallery-container foogallery-default foogallery-lightbox-foogallery fg-center fg-default fg-ready fg-light fg-border-thin fg-shadow-outline fg-loading-default fg-loaded-fade-in fg-caption-hover fg-hover-fade fg-hover-zoom\" id=\"foogallery-gallery-4520\" data-foogallery=\"{&quot;item&quot;:{&quot;showCaptionTitle&quot;:true,&quot;showCaptionDescription&quot;:true},&quot;lazy&quot;:true,&quot;src&quot;:&quot;src&quot;,&quot;srcset&quot;:&quot;srcset&quot;}\" data-foogallery-lightbox=\"{&quot;thumbs&quot;:&quot;bottom&quot;,&quot;thumbsCaptions&quot;:false,&quot;thumbsBestFit&quot;:false,&quot;thumbsSmall&quot;:false,&quot;thumbsCaptionsAlign&quot;:&quot;default&quot;,&quot;info&quot;:&quot;bottom&quot;,&quot;infoVisible&quot;:true,&quot;infoOverlay&quot;:true,&quot;infoAlign&quot;:&quot;default&quot;,&quot;transition&quot;:&quot;fade&quot;,&quot;hoverButtons&quot;:false,&quot;fitMedia&quot;:false,&quot;noScrollbars&quot;:true,&quot;preserveButtonSpace&quot;:true,&quot;buttons&quot;:{&quot;fullscreen&quot;:true,&quot;info&quot;:true,&quot;thumbs&quot;:false},&quot;video&quot;:{&quot;autoPlay&quot;:true}}\" style=\"--fg-title-line-clamp: 0; --fg-description-line-clamp: 0;\" >\n\t<div class=\"fg-item fg-type-image fg-loading\"><figure class=\"fg-item-inner\"><a href=\"http:\/\/pmcg.co.me\/wp-content\/uploads\/2024\/06\/Vien-1.jpg\" data-attachment-id=\"4508\" data-type=\"image\" class=\"fg-thumb\"><span class=\"fg-image-wrap\"><img src=\"http:\/\/pmcg.co.me\/wp-content\/uploads\/cache\/2024\/06\/Vien-1\/1333162219.jpg\" width=\"150\" height=\"150\" class=\"skip-lazy fg-image\" decoding=\"async\" loading=\"lazy\"><\/span><span class=\"fg-image-overlay\"><\/span><\/a><\/figure><div class=\"fg-loader\"><\/div><\/div><div class=\"fg-item fg-type-image fg-loading\"><figure class=\"fg-item-inner\"><a href=\"http:\/\/pmcg.co.me\/wp-content\/uploads\/2024\/06\/Vien-3.jpg\" data-attachment-id=\"4509\" data-type=\"image\" class=\"fg-thumb\"><span class=\"fg-image-wrap\"><img src=\"http:\/\/pmcg.co.me\/wp-content\/uploads\/cache\/2024\/06\/Vien-3\/3794177546.jpg\" width=\"150\" height=\"150\" class=\"skip-lazy fg-image\" decoding=\"async\" loading=\"lazy\"><\/span><span class=\"fg-image-overlay\"><\/span><\/a><\/figure><div class=\"fg-loader\"><\/div><\/div><div class=\"fg-item fg-type-image fg-loading\"><figure class=\"fg-item-inner\"><a href=\"http:\/\/pmcg.co.me\/wp-content\/uploads\/2024\/06\/Vien-4.jpg\" data-attachment-id=\"4510\" data-type=\"image\" class=\"fg-thumb\"><span class=\"fg-image-wrap\"><img src=\"http:\/\/pmcg.co.me\/wp-content\/uploads\/cache\/2024\/06\/Vien-4\/3903521277.jpg\" width=\"150\" height=\"150\" class=\"skip-lazy fg-image\" decoding=\"async\" loading=\"lazy\"><\/span><span class=\"fg-image-overlay\"><\/span><\/a><\/figure><div class=\"fg-loader\"><\/div><\/div><div class=\"fg-item fg-type-image fg-loading\"><figure class=\"fg-item-inner\"><a href=\"http:\/\/pmcg.co.me\/wp-content\/uploads\/2024\/06\/Vien-5.jpg\" data-attachment-id=\"4511\" data-type=\"image\" class=\"fg-thumb\"><span class=\"fg-image-wrap\"><img src=\"http:\/\/pmcg.co.me\/wp-content\/uploads\/cache\/2024\/06\/Vien-5\/3413440767.jpg\" width=\"150\" height=\"150\" class=\"skip-lazy fg-image\" decoding=\"async\" loading=\"lazy\"><\/span><span class=\"fg-image-overlay\"><\/span><\/a><\/figure><div class=\"fg-loader\"><\/div><\/div><div class=\"fg-item fg-type-image fg-loading\"><figure class=\"fg-item-inner\"><a href=\"http:\/\/pmcg.co.me\/wp-content\/uploads\/2024\/06\/Vien-6.jpg\" data-attachment-id=\"4512\" data-type=\"image\" class=\"fg-thumb\"><span class=\"fg-image-wrap\"><img src=\"http:\/\/pmcg.co.me\/wp-content\/uploads\/cache\/2024\/06\/Vien-6\/2937385977.jpg\" width=\"150\" height=\"150\" class=\"skip-lazy fg-image\" decoding=\"async\" loading=\"lazy\"><\/span><span class=\"fg-image-overlay\"><\/span><\/a><\/figure><div class=\"fg-loader\"><\/div><\/div><div class=\"fg-item fg-type-image fg-loading\"><figure class=\"fg-item-inner\"><a href=\"http:\/\/pmcg.co.me\/wp-content\/uploads\/2024\/06\/Vien-7.jpg\" data-attachment-id=\"4513\" data-type=\"image\" class=\"fg-thumb\"><span class=\"fg-image-wrap\"><img src=\"http:\/\/pmcg.co.me\/wp-content\/uploads\/cache\/2024\/06\/Vien-7\/2362116859.jpg\" width=\"150\" height=\"150\" class=\"skip-lazy fg-image\" decoding=\"async\" loading=\"lazy\"><\/span><span class=\"fg-image-overlay\"><\/span><\/a><\/figure><div class=\"fg-loader\"><\/div><\/div><div class=\"fg-item fg-type-image fg-loading\"><figure class=\"fg-item-inner\"><a href=\"http:\/\/pmcg.co.me\/wp-content\/uploads\/2024\/06\/Vien-8.jpg\" data-attachment-id=\"4514\" data-type=\"image\" class=\"fg-thumb\"><span class=\"fg-image-wrap\"><img src=\"http:\/\/pmcg.co.me\/wp-content\/uploads\/cache\/2024\/06\/Vien-8\/3023175232.jpg\" width=\"150\" height=\"150\" class=\"skip-lazy fg-image\" decoding=\"async\" loading=\"lazy\"><\/span><span class=\"fg-image-overlay\"><\/span><\/a><\/figure><div class=\"fg-loader\"><\/div><\/div><\/div>","protected":false},"excerpt":{"rendered":"<p>Ovih dana je realizovan veliki korak u radu Prirodnja\u010dkog muzeja \u2013 zbirka ptica je oboga\u0107ena sa \u010dak 756 novih predmeta koje je donirao Prirodnja\u010dki muzej u Be\u010du (Naturhistorisches Museum Wien). Ugovor o donaciji su u novembru pro\u0161le godine potpisale direktorice dr Natalija \u010ca\u0111enovi\u0107 i dr Katrin Vohland, \u010dime je muzej postao vlasnik nau\u010dno i stru\u010dno [&hellip;]<\/p>\n","protected":false},"author":1,"featured_media":4508,"comment_status":"open","ping_status":"open","sticky":false,"template":"","format":"standard","meta":{"footnotes":""},"categories":[30,48,36,1],"tags":[],"class_list":["post-4515","post","type-post","status-publish","format-standard","has-post-thumbnail","hentry","category-aktivnosti","category-istaknuta-vijest","category-novosti-projekti","category-zabava"],"_links":{"self":[{"href":"http:\/\/pmcg.co.me\/en\/wp-json\/wp\/v2\/posts\/4515","targetHints":{"allow":["GET"]}}],"collection":[{"href":"http:\/\/pmcg.co.me\/en\/wp-json\/wp\/v2\/posts"}],"about":[{"href":"http:\/\/pmcg.co.me\/en\/wp-json\/wp\/v2\/types\/post"}],"author":[{"embeddable":true,"href":"http:\/\/pmcg.co.me\/en\/wp-json\/wp\/v2\/users\/1"}],"replies":[{"embeddable":true,"href":"http:\/\/pmcg.co.me\/en\/wp-json\/wp\/v2\/comments?post=4515"}],"version-history":[{"count":5,"href":"http:\/\/pmcg.co.me\/en\/wp-json\/wp\/v2\/posts\/4515\/revisions"}],"predecessor-version":[{"id":4518,"href":"http:\/\/pmcg.co.me\/en\/wp-json\/wp\/v2\/posts\/4515\/revisions\/4518"}],"wp:featuredmedia":[{"embeddable":true,"href":"http:\/\/pmcg.co.me\/en\/wp-json\/wp\/v2\/media\/4508"}],"wp:attachment":[{"href":"http:\/\/pmcg.co.me\/en\/wp-json\/wp\/v2\/media?parent=4515"}],"wp:term":[{"taxonomy":"category","embeddable":true,"href":"http:\/\/pmcg.co.me\/en\/wp-json\/wp\/v2\/categories?post=4515"},{"taxonomy":"post_tag","embeddable":true,"href":"http:\/\/pmcg.co.me\/en\/wp-json\/wp\/v2\/tags?post=4515"}],"curies":[{"name":"wp","href":"https:\/\/api.w.org\/{rel}","templated":true}]}}