{"id":4358,"date":"2024-03-23T11:09:36","date_gmt":"2024-03-23T10:09:36","guid":{"rendered":"https:\/\/pmcg.co.me\/?p=4358"},"modified":"2024-03-26T10:59:00","modified_gmt":"2024-03-26T09:59:00","slug":"izlozba-prirodnjackog-muzeja-priroda-na-dodir-otvorena-u-muzeju-hercegovine-u-trebinju","status":"publish","type":"post","link":"http:\/\/pmcg.co.me\/en\/izlozba-prirodnjackog-muzeja-priroda-na-dodir-otvorena-u-muzeju-hercegovine-u-trebinju\/","title":{"rendered":"IZLO\u017dBA PRIRODNJA\u010cKOG MUZEJA \u201ePRIRODA NA DODIR\u201c OTVORENA U MUZEJU HERCEGOVINE U TREBINJU"},"content":{"rendered":"<p>Nakon gostovanja u Beogradu, Novom Sadu i Vr\u0161cu, od \u010detvrtka 21. marta izlo\u017eba &#8220;Priroda na dodir&#8221; Prirodnja\u010dkog muzeja Crne Gore otvorena je u Muzeju Hercegovine u Trebinju. Iskazuju\u0107i zadovoljstvo zbog uspostavljanja saradnje izme\u0111u dva muzeja direktorica Muzeja Hercegovine Ivana Gruji\u0107 je pozdravila prisutne, a izlo\u017ebu je sve\u010dano otvorila direktorica Prirodnja\u010dkog muzeja Crne Gore dr Natalija \u010ca\u0111enovi\u0107.<\/p>\n<p>Ve\u0107 danas kustosi Muzeja Hercegovine organizuju i prve edukativne radionice za pred\u0161kolce i u\u010denike osnovnih \u0161kola. Izlo\u017eba je prilago\u0111ena osobama sa invaliditetom, da mogu dodirom, zvu\u010dnim i video zapisom, kao i tekstom na panoima, osjetiti \u201ePrirodu na dodir\u201c.<\/p>\n<p>Izlo\u017eba \u0107e biti otvorena do 7. maja.<\/p>\n<style type=\"text\/css\">\n#foogallery-gallery-4369 .fg-image { width: 150px; }\n#foogallery-gallery-4369 { --fg-gutter: 10px; }<\/style>\n\t\t\t<div class=\"foogallery foogallery-container foogallery-default foogallery-lightbox-foogallery fg-center fg-default fg-ready fg-light fg-border-thin fg-shadow-outline fg-loading-default fg-loaded-fade-in fg-caption-hover fg-hover-fade fg-hover-zoom\" id=\"foogallery-gallery-4369\" data-foogallery=\"{&quot;item&quot;:{&quot;showCaptionTitle&quot;:true,&quot;showCaptionDescription&quot;:true},&quot;lazy&quot;:true,&quot;src&quot;:&quot;src&quot;,&quot;srcset&quot;:&quot;srcset&quot;}\" data-foogallery-lightbox=\"{&quot;thumbs&quot;:&quot;bottom&quot;,&quot;thumbsCaptions&quot;:false,&quot;thumbsBestFit&quot;:false,&quot;thumbsSmall&quot;:false,&quot;thumbsCaptionsAlign&quot;:&quot;default&quot;,&quot;info&quot;:&quot;bottom&quot;,&quot;infoVisible&quot;:true,&quot;infoOverlay&quot;:true,&quot;infoAlign&quot;:&quot;default&quot;,&quot;transition&quot;:&quot;fade&quot;,&quot;hoverButtons&quot;:false,&quot;fitMedia&quot;:false,&quot;noScrollbars&quot;:true,&quot;preserveButtonSpace&quot;:true,&quot;buttons&quot;:{&quot;fullscreen&quot;:true,&quot;info&quot;:true,&quot;thumbs&quot;:false},&quot;video&quot;:{&quot;autoPlay&quot;:true}}\" style=\"--fg-title-line-clamp: 0; --fg-description-line-clamp: 0;\" >\n\t<div class=\"fg-item fg-type-image fg-loading\"><figure class=\"fg-item-inner\"><a href=\"http:\/\/pmcg.co.me\/wp-content\/uploads\/2024\/03\/Trebinje-1.jpg\" data-attachment-id=\"4360\" data-type=\"image\" class=\"fg-thumb\"><span class=\"fg-image-wrap\"><img src=\"http:\/\/pmcg.co.me\/wp-content\/uploads\/cache\/2024\/03\/Trebinje-1\/1875050105.jpg\" width=\"150\" height=\"150\" class=\"skip-lazy fg-image\" decoding=\"async\" loading=\"lazy\"><\/span><span class=\"fg-image-overlay\"><\/span><\/a><\/figure><div class=\"fg-loader\"><\/div><\/div><div class=\"fg-item fg-type-image fg-loading\"><figure class=\"fg-item-inner\"><a href=\"http:\/\/pmcg.co.me\/wp-content\/uploads\/2024\/03\/Trebinje-2.jpg\" data-attachment-id=\"4361\" data-type=\"image\" class=\"fg-thumb\"><span class=\"fg-image-wrap\"><img src=\"http:\/\/pmcg.co.me\/wp-content\/uploads\/cache\/2024\/03\/Trebinje-2\/3459489155.jpg\" width=\"150\" height=\"150\" class=\"skip-lazy fg-image\" decoding=\"async\" loading=\"lazy\"><\/span><span class=\"fg-image-overlay\"><\/span><\/a><\/figure><div class=\"fg-loader\"><\/div><\/div><div class=\"fg-item fg-type-image fg-loading\"><figure class=\"fg-item-inner\"><a href=\"http:\/\/pmcg.co.me\/wp-content\/uploads\/2024\/03\/Trebinje-3.jpg\" data-attachment-id=\"4362\" data-type=\"image\" class=\"fg-thumb\"><span class=\"fg-image-wrap\"><img src=\"http:\/\/pmcg.co.me\/wp-content\/uploads\/cache\/2024\/03\/Trebinje-3\/1931161910.jpg\" width=\"150\" height=\"150\" class=\"skip-lazy fg-image\" decoding=\"async\" loading=\"lazy\"><\/span><span class=\"fg-image-overlay\"><\/span><\/a><\/figure><div class=\"fg-loader\"><\/div><\/div><div class=\"fg-item fg-type-image fg-loading\"><figure class=\"fg-item-inner\"><a href=\"http:\/\/pmcg.co.me\/wp-content\/uploads\/2024\/03\/Trebinje-4.jpg\" data-attachment-id=\"4363\" data-type=\"image\" class=\"fg-thumb\"><span class=\"fg-image-wrap\"><img src=\"http:\/\/pmcg.co.me\/wp-content\/uploads\/cache\/2024\/03\/Trebinje-4\/1453349942.jpg\" width=\"150\" height=\"150\" class=\"skip-lazy fg-image\" decoding=\"async\" loading=\"lazy\"><\/span><span class=\"fg-image-overlay\"><\/span><\/a><\/figure><div class=\"fg-loader\"><\/div><\/div><div class=\"fg-item fg-type-image fg-loading\"><figure class=\"fg-item-inner\"><a href=\"http:\/\/pmcg.co.me\/wp-content\/uploads\/2024\/03\/Trebinje-5.jpg\" data-attachment-id=\"4364\" data-type=\"image\" class=\"fg-thumb\"><span class=\"fg-image-wrap\"><img src=\"http:\/\/pmcg.co.me\/wp-content\/uploads\/cache\/2024\/03\/Trebinje-5\/1450270951.jpg\" width=\"150\" height=\"150\" class=\"skip-lazy fg-image\" decoding=\"async\" loading=\"lazy\"><\/span><span class=\"fg-image-overlay\"><\/span><\/a><\/figure><div class=\"fg-loader\"><\/div><\/div><div class=\"fg-item fg-type-image fg-loading\"><figure class=\"fg-item-inner\"><a href=\"http:\/\/pmcg.co.me\/wp-content\/uploads\/2024\/03\/Trebinje-6.jpg\" data-attachment-id=\"4365\" data-type=\"image\" class=\"fg-thumb\"><span class=\"fg-image-wrap\"><img src=\"http:\/\/pmcg.co.me\/wp-content\/uploads\/cache\/2024\/03\/Trebinje-6\/4152361757.jpg\" width=\"150\" height=\"150\" class=\"skip-lazy fg-image\" decoding=\"async\" loading=\"lazy\"><\/span><span class=\"fg-image-overlay\"><\/span><\/a><\/figure><div class=\"fg-loader\"><\/div><\/div><div class=\"fg-item fg-type-image fg-loading\"><figure class=\"fg-item-inner\"><a href=\"http:\/\/pmcg.co.me\/wp-content\/uploads\/2024\/03\/Trebinje-7.jpg\" data-attachment-id=\"4366\" data-type=\"image\" class=\"fg-thumb\"><span class=\"fg-image-wrap\"><img src=\"http:\/\/pmcg.co.me\/wp-content\/uploads\/cache\/2024\/03\/Trebinje-7\/1252569000.jpg\" width=\"150\" height=\"150\" class=\"skip-lazy fg-image\" decoding=\"async\" loading=\"lazy\"><\/span><span class=\"fg-image-overlay\"><\/span><\/a><\/figure><div class=\"fg-loader\"><\/div><\/div><div class=\"fg-item fg-type-image fg-loading\"><figure class=\"fg-item-inner\"><a href=\"http:\/\/pmcg.co.me\/wp-content\/uploads\/2024\/03\/Trebinje-8.jpg\" data-attachment-id=\"4367\" data-type=\"image\" class=\"fg-thumb\"><span class=\"fg-image-wrap\"><img src=\"http:\/\/pmcg.co.me\/wp-content\/uploads\/cache\/2024\/03\/Trebinje-8\/3170294045.jpg\" width=\"150\" height=\"150\" class=\"skip-lazy fg-image\" decoding=\"async\" loading=\"lazy\"><\/span><span class=\"fg-image-overlay\"><\/span><\/a><\/figure><div class=\"fg-loader\"><\/div><\/div><div class=\"fg-item fg-type-image fg-loading\"><figure class=\"fg-item-inner\"><a href=\"http:\/\/pmcg.co.me\/wp-content\/uploads\/2024\/03\/Trebinje-9.jpg\" data-attachment-id=\"4368\" data-type=\"image\" class=\"fg-thumb\"><span class=\"fg-image-wrap\"><img src=\"http:\/\/pmcg.co.me\/wp-content\/uploads\/cache\/2024\/03\/Trebinje-9\/480625477.jpg\" width=\"150\" height=\"150\" class=\"skip-lazy fg-image\" decoding=\"async\" loading=\"lazy\"><\/span><span class=\"fg-image-overlay\"><\/span><\/a><\/figure><div class=\"fg-loader\"><\/div><\/div><\/div>\n\n<p>&nbsp;<\/p>","protected":false},"excerpt":{"rendered":"<p>Nakon gostovanja u Beogradu, Novom Sadu i Vr\u0161cu, od \u010detvrtka 21. marta izlo\u017eba &#8220;Priroda na dodir&#8221; Prirodnja\u010dkog muzeja Crne Gore otvorena je u Muzeju Hercegovine u Trebinju. Iskazuju\u0107i zadovoljstvo zbog uspostavljanja saradnje izme\u0111u dva muzeja direktorica Muzeja Hercegovine Ivana Gruji\u0107 je pozdravila prisutne, a izlo\u017ebu je sve\u010dano otvorila direktorica Prirodnja\u010dkog muzeja Crne Gore dr Natalija [&hellip;]<\/p>\n","protected":false},"author":1,"featured_media":4360,"comment_status":"open","ping_status":"open","sticky":false,"template":"","format":"standard","meta":{"footnotes":""},"categories":[30,48,36,40,1],"tags":[],"class_list":["post-4358","post","type-post","status-publish","format-standard","has-post-thumbnail","hentry","category-aktivnosti","category-istaknuta-vijest","category-novosti-projekti","category-realizovane-izlozbe","category-zabava"],"_links":{"self":[{"href":"http:\/\/pmcg.co.me\/en\/wp-json\/wp\/v2\/posts\/4358","targetHints":{"allow":["GET"]}}],"collection":[{"href":"http:\/\/pmcg.co.me\/en\/wp-json\/wp\/v2\/posts"}],"about":[{"href":"http:\/\/pmcg.co.me\/en\/wp-json\/wp\/v2\/types\/post"}],"author":[{"embeddable":true,"href":"http:\/\/pmcg.co.me\/en\/wp-json\/wp\/v2\/users\/1"}],"replies":[{"embeddable":true,"href":"http:\/\/pmcg.co.me\/en\/wp-json\/wp\/v2\/comments?post=4358"}],"version-history":[{"count":3,"href":"http:\/\/pmcg.co.me\/en\/wp-json\/wp\/v2\/posts\/4358\/revisions"}],"predecessor-version":[{"id":4372,"href":"http:\/\/pmcg.co.me\/en\/wp-json\/wp\/v2\/posts\/4358\/revisions\/4372"}],"wp:featuredmedia":[{"embeddable":true,"href":"http:\/\/pmcg.co.me\/en\/wp-json\/wp\/v2\/media\/4360"}],"wp:attachment":[{"href":"http:\/\/pmcg.co.me\/en\/wp-json\/wp\/v2\/media?parent=4358"}],"wp:term":[{"taxonomy":"category","embeddable":true,"href":"http:\/\/pmcg.co.me\/en\/wp-json\/wp\/v2\/categories?post=4358"},{"taxonomy":"post_tag","embeddable":true,"href":"http:\/\/pmcg.co.me\/en\/wp-json\/wp\/v2\/tags?post=4358"}],"curies":[{"name":"wp","href":"https:\/\/api.w.org\/{rel}","templated":true}]}}