{"id":3792,"date":"2023-05-17T08:52:09","date_gmt":"2023-05-17T06:52:09","guid":{"rendered":"https:\/\/pmcg.co.me\/?p=3792"},"modified":"2023-06-22T22:57:40","modified_gmt":"2023-06-22T20:57:40","slug":"veceras-otvaranje-izlozbe-segment-nase-prirode","status":"publish","type":"post","link":"http:\/\/pmcg.co.me\/en\/veceras-otvaranje-izlozbe-segment-nase-prirode\/","title":{"rendered":"VE\u010cERAS OTVARANJE IZLO\u017dBE PRIRODNJA\u010cKOG MUZEJA \u201eSEGMENT NA\u0160E PRIRODE\u201c U PLJEVLJIMA"},"content":{"rendered":"<p class=\"x_MsoNormal\">Povodom Me\u0111unarodnog dana muzeja, Prirodnja\u010dki muzej Crne Gore, u saradnji sa Zavi\u010dajnim muzejom Pljevlja, ve\u010deras, 17. maja, otvara izlo\u017ebu \u201eSegment na\u0161e pirode\u201c.<\/p>\n<p>&nbsp;<\/p>\n<p class=\"x_MsoNormal\">Ceremonija otvaranja po\u010dinje u 19h u galeriji Zavi\u010dajnog muzeja, Trg 13. jula bb, Pljevlja.<\/p>\n<p class=\"x_MsoNormal\">Dobrodo\u0161li!<\/p>\n<style type=\"text\/css\">\n#foogallery-gallery-3794 .fg-image { width: 150px; }\n#foogallery-gallery-3794 { --fg-gutter: 10px; }<\/style>\n\t\t\t<div class=\"foogallery foogallery-container foogallery-default foogallery-lightbox-foobox fg-center fg-default fg-ready fg-light fg-border-thin fg-shadow-outline fg-loading-default fg-loaded-fade-in fg-caption-hover fg-hover-fade fg-hover-zoom\" id=\"foogallery-gallery-3794\" data-foogallery=\"{&quot;item&quot;:{&quot;showCaptionTitle&quot;:true,&quot;showCaptionDescription&quot;:true},&quot;lazy&quot;:true,&quot;src&quot;:&quot;src&quot;,&quot;srcset&quot;:&quot;srcset&quot;}\" style=\"--fg-title-line-clamp: 0; --fg-description-line-clamp: 0;\" >\n\t<div class=\"fg-item fg-type-image fg-loading\"><figure class=\"fg-item-inner\"><a href=\"http:\/\/pmcg.co.me\/wp-content\/uploads\/2023\/05\/Pozivnica-PV.jpg\" data-attachment-id=\"3795\" data-type=\"image\" class=\"fg-thumb\"><span class=\"fg-image-wrap\"><img src=\"http:\/\/pmcg.co.me\/wp-content\/uploads\/cache\/2023\/05\/Pozivnica-PV\/121685429.jpg\" width=\"150\" height=\"150\" class=\"skip-lazy fg-image\" decoding=\"async\" loading=\"lazy\"><\/span><span class=\"fg-image-overlay\"><\/span><\/a><\/figure><div class=\"fg-loader\"><\/div><\/div><\/div>","protected":false},"excerpt":{"rendered":"<p>Povodom Me\u0111unarodnog dana muzeja, Prirodnja\u010dki muzej Crne Gore, u saradnji sa Zavi\u010dajnim muzejom Pljevlja, ve\u010deras, 17. maja, otvara izlo\u017ebu \u201eSegment na\u0161e pirode\u201c. &nbsp; Ceremonija otvaranja po\u010dinje u 19h u galeriji Zavi\u010dajnog muzeja, Trg 13. jula bb, Pljevlja. Dobrodo\u0161li!<\/p>","protected":false},"author":1,"featured_media":3797,"comment_status":"open","ping_status":"open","sticky":false,"template":"","format":"standard","meta":{"footnotes":""},"categories":[30,47,40],"tags":[],"class_list":["post-3792","post","type-post","status-publish","format-standard","has-post-thumbnail","hentry","category-aktivnosti","category-izlozbe","category-realizovane-izlozbe"],"_links":{"self":[{"href":"http:\/\/pmcg.co.me\/en\/wp-json\/wp\/v2\/posts\/3792","targetHints":{"allow":["GET"]}}],"collection":[{"href":"http:\/\/pmcg.co.me\/en\/wp-json\/wp\/v2\/posts"}],"about":[{"href":"http:\/\/pmcg.co.me\/en\/wp-json\/wp\/v2\/types\/post"}],"author":[{"embeddable":true,"href":"http:\/\/pmcg.co.me\/en\/wp-json\/wp\/v2\/users\/1"}],"replies":[{"embeddable":true,"href":"http:\/\/pmcg.co.me\/en\/wp-json\/wp\/v2\/comments?post=3792"}],"version-history":[{"count":4,"href":"http:\/\/pmcg.co.me\/en\/wp-json\/wp\/v2\/posts\/3792\/revisions"}],"predecessor-version":[{"id":3799,"href":"http:\/\/pmcg.co.me\/en\/wp-json\/wp\/v2\/posts\/3792\/revisions\/3799"}],"wp:featuredmedia":[{"embeddable":true,"href":"http:\/\/pmcg.co.me\/en\/wp-json\/wp\/v2\/media\/3797"}],"wp:attachment":[{"href":"http:\/\/pmcg.co.me\/en\/wp-json\/wp\/v2\/media?parent=3792"}],"wp:term":[{"taxonomy":"category","embeddable":true,"href":"http:\/\/pmcg.co.me\/en\/wp-json\/wp\/v2\/categories?post=3792"},{"taxonomy":"post_tag","embeddable":true,"href":"http:\/\/pmcg.co.me\/en\/wp-json\/wp\/v2\/tags?post=3792"}],"curies":[{"name":"wp","href":"https:\/\/api.w.org\/{rel}","templated":true}]}}