{"id":2243,"date":"2021-11-26T10:18:55","date_gmt":"2021-11-26T10:18:55","guid":{"rendered":"https:\/\/pmcg.co.me\/?p=2243"},"modified":"2021-11-26T11:28:52","modified_gmt":"2021-11-26T11:28:52","slug":"prirodnjacki-muzeji-za-21-vijek","status":"publish","type":"post","link":"http:\/\/pmcg.co.me\/en\/prirodnjacki-muzeji-za-21-vijek\/","title":{"rendered":"PRIRODNJA\u010cKI MUZEJI ZA 21. VIJEK"},"content":{"rendered":"<p>Ju\u010de odr\u017eana online konferencija okupila je predstavnike nekoliko prirodnja\u010dkih muzeja regiona i svijeta.<\/p>\n<p>Predstavnici Prirodnja\u010dkih muzeja u Londonu, Be\u010du, Beogradu, Rijeci, Skoplju, Podgorici i predsednica Me\u0111unarodnog komiteta za prirodnja\u010dke muzeje (ICOM NATHIST) razmijenili su iskustva u svom radu tokom pandemije, najavili strategije za dalji rad i razvoj svojih institucija kako bi one zauzele zaslu\u017eeno mjesto na kulturnoj, turisti\u010dkoj i nau\u010dnoj mapi svojih dr\u017eava. Digitalne\u00a0tehnologije\u00a0su\u00a0tokom pandemije\u00a0Covid\u00a019\u00a0odr\u017eavale\u00a0Muzeje\u00a0budnim\u00a0i\u00a0na\u00a0taj na\u010din\u00a0privla\u010dile\u00a0pa\u017enju\u00a0publike,\u00a0ali\u00a0treba\u00a0praviti\u00a0nove strategije\u00a0kako\u00a0bi\u00a0publiku\u00a0opet\u00a0vratili\u00a0u\u00a0Muzej.<\/p>\n<p>Zahvaljujemo se Prirodnja\u010dkom muzeju Beograda na pozivu za u\u010de\u0161\u0107e na ovoj konferenciji i nadamo se da \u0107e ovo predstavljati samo jedan od koraka u daljoj saradnji i komunikaciji prirodnja\u010dkih muzeja regiona i Evrope.<\/p>\n<p>26.11.2021<\/p>\n<style type=\"text\/css\">\n#foogallery-gallery-2245 .fg-image { width: 175px; }\n#foogallery-gallery-2245 { --fg-gutter: 10px; }<\/style>\n\t\t\t<div class=\"foogallery foogallery-container foogallery-default foogallery-lightbox-foobox fg-center fg-default fg-ready fg-light fg-border-thin fg-shadow-outline fg-loading-default fg-loaded-fade-in fg-caption-hover fg-hover-fade fg-hover-zoom\" id=\"foogallery-gallery-2245\" data-foogallery=\"{&quot;item&quot;:{&quot;showCaptionTitle&quot;:true,&quot;showCaptionDescription&quot;:true},&quot;lazy&quot;:true,&quot;src&quot;:&quot;src&quot;,&quot;srcset&quot;:&quot;srcset&quot;}\" style=\"--fg-title-line-clamp: 0; --fg-description-line-clamp: 0;\" >\n\t<div class=\"fg-item fg-type-image fg-loading\"><figure class=\"fg-item-inner\"><a href=\"http:\/\/pmcg.co.me\/wp-content\/uploads\/2021\/11\/260786679_500112894375108_5737832422811397726_n.jpg\" data-attachment-id=\"2252\" data-type=\"image\" class=\"fg-thumb\"><span class=\"fg-image-wrap\"><img src=\"http:\/\/pmcg.co.me\/wp-content\/uploads\/cache\/2021\/11\/260786679_500112894375108_5737832422811397726_n\/2891219423.jpg\" width=\"175\" height=\"175\" class=\"skip-lazy fg-image\" decoding=\"async\" loading=\"lazy\"><\/span><span class=\"fg-image-overlay\"><\/span><\/a><\/figure><div class=\"fg-loader\"><\/div><\/div><div class=\"fg-item fg-type-image fg-loading\"><figure class=\"fg-item-inner\"><a href=\"http:\/\/pmcg.co.me\/wp-content\/uploads\/2021\/11\/PMB2.jpg\" data-attachment-id=\"2249\" data-type=\"image\" class=\"fg-thumb\"><span class=\"fg-image-wrap\"><img src=\"http:\/\/pmcg.co.me\/wp-content\/uploads\/cache\/2021\/11\/PMB2\/86162038.jpg\" width=\"175\" height=\"175\" class=\"skip-lazy fg-image\" decoding=\"async\" loading=\"lazy\"><\/span><span class=\"fg-image-overlay\"><\/span><\/a><\/figure><div class=\"fg-loader\"><\/div><\/div><div class=\"fg-item fg-type-image fg-loading\"><figure class=\"fg-item-inner\"><a href=\"http:\/\/pmcg.co.me\/wp-content\/uploads\/2021\/11\/PMB1.jpg\" data-attachment-id=\"2248\" data-type=\"image\" class=\"fg-thumb\"><span class=\"fg-image-wrap\"><img src=\"http:\/\/pmcg.co.me\/wp-content\/uploads\/cache\/2021\/11\/PMB1\/1761183349.jpg\" width=\"175\" height=\"175\" class=\"skip-lazy fg-image\" decoding=\"async\" loading=\"lazy\"><\/span><span class=\"fg-image-overlay\"><\/span><\/a><\/figure><div class=\"fg-loader\"><\/div><\/div><\/div>","protected":false},"excerpt":{"rendered":"<p>Ju\u010de odr\u017eana online konferencija okupila je predstavnike nekoliko prirodnja\u010dkih muzeja regiona i svijeta. Predstavnici Prirodnja\u010dkih muzeja u Londonu, Be\u010du, Beogradu, Rijeci, Skoplju, Podgorici i predsednica Me\u0111unarodnog komiteta za prirodnja\u010dke muzeje (ICOM NATHIST) razmijenili su iskustva u svom radu tokom pandemije, najavili strategije za dalji rad i razvoj svojih institucija kako bi one zauzele zaslu\u017eeno mjesto [&hellip;]<\/p>\n","protected":false},"author":1,"featured_media":2249,"comment_status":"open","ping_status":"open","sticky":false,"template":"","format":"standard","meta":{"footnotes":""},"categories":[30],"tags":[],"class_list":["post-2243","post","type-post","status-publish","format-standard","has-post-thumbnail","hentry","category-aktivnosti"],"_links":{"self":[{"href":"http:\/\/pmcg.co.me\/en\/wp-json\/wp\/v2\/posts\/2243","targetHints":{"allow":["GET"]}}],"collection":[{"href":"http:\/\/pmcg.co.me\/en\/wp-json\/wp\/v2\/posts"}],"about":[{"href":"http:\/\/pmcg.co.me\/en\/wp-json\/wp\/v2\/types\/post"}],"author":[{"embeddable":true,"href":"http:\/\/pmcg.co.me\/en\/wp-json\/wp\/v2\/users\/1"}],"replies":[{"embeddable":true,"href":"http:\/\/pmcg.co.me\/en\/wp-json\/wp\/v2\/comments?post=2243"}],"version-history":[{"count":3,"href":"http:\/\/pmcg.co.me\/en\/wp-json\/wp\/v2\/posts\/2243\/revisions"}],"predecessor-version":[{"id":2251,"href":"http:\/\/pmcg.co.me\/en\/wp-json\/wp\/v2\/posts\/2243\/revisions\/2251"}],"wp:featuredmedia":[{"embeddable":true,"href":"http:\/\/pmcg.co.me\/en\/wp-json\/wp\/v2\/media\/2249"}],"wp:attachment":[{"href":"http:\/\/pmcg.co.me\/en\/wp-json\/wp\/v2\/media?parent=2243"}],"wp:term":[{"taxonomy":"category","embeddable":true,"href":"http:\/\/pmcg.co.me\/en\/wp-json\/wp\/v2\/categories?post=2243"},{"taxonomy":"post_tag","embeddable":true,"href":"http:\/\/pmcg.co.me\/en\/wp-json\/wp\/v2\/tags?post=2243"}],"curies":[{"name":"wp","href":"https:\/\/api.w.org\/{rel}","templated":true}]}}